{"id":8348,"date":"2026-03-03T20:04:07","date_gmt":"2026-03-03T19:04:07","guid":{"rendered":"https:\/\/tsv-rehling.de\/wordpress\/?p=8348"},"modified":"2026-03-03T20:04:09","modified_gmt":"2026-03-03T19:04:09","slug":"vereinsarbeitstag-am-samstag-07-03-2026","status":"publish","type":"post","link":"https:\/\/tsv-rehling.de\/wordpress\/2026\/03\/03\/vereinsarbeitstag-am-samstag-07-03-2026\/","title":{"rendered":"Vereinsarbeitstag am Samstag, 07.03.2026"},"content":{"rendered":"\n<p><em>NEUES JAHR, NEUER GLANZ!<\/em>\u2728<\/p>\n\n\n\n<p>Zum Start ins Fr\u00fchjahr 2026 steht unser erster Vereinsarbeitstag an. Damit unser Vereinsgel\u00e4nde wieder in neuem Glanz erstrahlt, brauchen wir eure Unterst\u00fctzung!<\/p>\n\n\n\n<p>\ud83d\uddd3 Samstag, 07.03.2026<br>\u23f0 ab 09:00 Uhr<\/p>\n\n\n\n<p>Es stehen verschiedene Aufgaben auf unserer To-Do-Liste. Falls euch noch dringende Arbeiten einfallen, gebt bitte der Vorstandschaft oder euren jeweiligen Abteilungsleitern Bescheid.<\/p>\n\n\n\n<p>\u27a1\ufe0f Bitte denkt daran, euch vorab in die Abstimmung einzutragen, damit wir besser planen k\u00f6nnen.<\/p>\n\n\n\n<p>Wichtig am Arbeitstag:<br>Meldet euch bei eurem Abteilungsleiter oder beim Ansprechpartner vor Ort, damit eure Arbeitsstunden korrekt erfasst werden k\u00f6nnen.<\/p>\n\n\n\n<p>Vielen Dank im Voraus an alle, die vorbeikommen und tatkr\u00e4ftig mithelfen! \ud83d\udc77\ud83c\udffc\u200d\u2642\ufe0f\ud83d\udc77\ud83c\udffd\u200d\u2640\ufe0f<\/p>\n","protected":false},"excerpt":{"rendered":"<p>NEUES JAHR, NEUER GLANZ!\u2728 Zum Start ins Fr\u00fchjahr 2026 steht unser erster Vereinsarbeitstag an. Damit unser Vereinsgel\u00e4nde wieder in neuem Glanz erstrahlt, [&hellip;]<\/p>\n","protected":false},"author":1,"featured_media":8347,"comment_status":"open","ping_status":"open","sticky":false,"template":"","format":"standard","meta":{"footnotes":""},"categories":[3],"tags":[],"class_list":["post-8348","post","type-post","status-publish","format-standard","has-post-thumbnail","hentry","category-allgemeines"],"_links":{"self":[{"href":"https:\/\/tsv-rehling.de\/wordpress\/wp-json\/wp\/v2\/posts\/8348","targetHints":{"allow":["GET"]}}],"collection":[{"href":"https:\/\/tsv-rehling.de\/wordpress\/wp-json\/wp\/v2\/posts"}],"about":[{"href":"https:\/\/tsv-rehling.de\/wordpress\/wp-json\/wp\/v2\/types\/post"}],"author":[{"embeddable":true,"href":"https:\/\/tsv-rehling.de\/wordpress\/wp-json\/wp\/v2\/users\/1"}],"replies":[{"embeddable":true,"href":"https:\/\/tsv-rehling.de\/wordpress\/wp-json\/wp\/v2\/comments?post=8348"}],"version-history":[{"count":1,"href":"https:\/\/tsv-rehling.de\/wordpress\/wp-json\/wp\/v2\/posts\/8348\/revisions"}],"predecessor-version":[{"id":8349,"href":"https:\/\/tsv-rehling.de\/wordpress\/wp-json\/wp\/v2\/posts\/8348\/revisions\/8349"}],"wp:featuredmedia":[{"embeddable":true,"href":"https:\/\/tsv-rehling.de\/wordpress\/wp-json\/wp\/v2\/media\/8347"}],"wp:attachment":[{"href":"https:\/\/tsv-rehling.de\/wordpress\/wp-json\/wp\/v2\/media?parent=8348"}],"wp:term":[{"taxonomy":"category","embeddable":true,"href":"https:\/\/tsv-rehling.de\/wordpress\/wp-json\/wp\/v2\/categories?post=8348"},{"taxonomy":"post_tag","embeddable":true,"href":"https:\/\/tsv-rehling.de\/wordpress\/wp-json\/wp\/v2\/tags?post=8348"}],"curies":[{"name":"wp","href":"https:\/\/api.w.org\/{rel}","templated":true}]}}